{"id":7772,"date":"2023-09-06T14:50:18","date_gmt":"2023-09-06T14:50:18","guid":{"rendered":"https:\/\/brooklyn.lu\/?p=7772"},"modified":"2024-06-13T13:10:26","modified_gmt":"2024-06-13T13:10:26","slug":"7-cultural-highlights-in-bonnevoie","status":"publish","type":"post","link":"https:\/\/brooklyn.lu\/en\/7-lieux-culturels-incontournables-de-bonnevoie\/","title":{"rendered":"7 cultural highlights in Bonnevoie"},"content":{"rendered":"<p>[et_pb_section fb_built=\u00a0\u00bb1&Prime; _builder_version=\u00a0\u00bb4.18.0&Prime; _module_preset=\u00a0\u00bbdefault\u00a0\u00bb custom_padding=\u00a0\u00bb0px||0px||true|false\u00a0\u00bb locked=\u00a0\u00bboff\u00a0\u00bb global_colors_info=\u00a0\u00bb{}\u00a0\u00bb theme_builder_area=\u00a0\u00bbpost_content\u00a0\u00bb][et_pb_row _builder_version=\u00a0\u00bb4.18.0&Prime; _module_preset=\u00a0\u00bbdefault\u00a0\u00bb custom_padding=\u00a0\u00bb||0px||false|false\u00a0\u00bb global_colors_info=\u00a0\u00bb{}\u00a0\u00bb theme_builder_area=\u00a0\u00bbpost_content\u00a0\u00bb][et_pb_column type=\u00a0\u00bb4_4&Prime; _builder_version=\u00a0\u00bb4.17.6&Prime; _module_preset=\u00a0\u00bbdefault\u00a0\u00bb global_colors_info=\u00a0\u00bb{}\u00a0\u00bb theme_builder_area=\u00a0\u00bbpost_content\u00a0\u00bb][et_pb_text _builder_version=\u00a0\u00bb4.22.1&Prime; _module_preset=\u00a0\u00bbdefault\u00a0\u00bb text_font=\u00a0\u00bbBenton Sans Regular||||||||\u00a0\u00bb text_text_color=\u00a0\u00bb#000000&Prime; text_font_size=\u00a0\u00bb16px\u00a0\u00bb global_colors_info=\u00a0\u00bb{}\u00a0\u00bb theme_builder_area=\u00a0\u00bbpost_content\u00a0\u00bb]<\/p>\n<p>Quand on pense \u00e0 Bonnevoie, on ne pense pas forc\u00e9ment d\u2019embl\u00e9e \u00e0 la culture. Pourtant, <strong>Bonnevoie regorge de lieux culturels \u00f4 combien dynamiques<\/strong>. Ceux-ci proposent de nombreux \u00e9v\u00e9nements toute l\u2019ann\u00e9e. Une programmation riche et vari\u00e9e qui ravira les futurs habitants du nouveau quartier Brooklyn.<\/p>\n<p>Profitons de l\u2019\u00e9t\u00e9 pour les d\u00e9couvrir en famille ou entre amis !<\/p>\n<p>[\/et_pb_text][et_pb_text _builder_version=\u00a0\u00bb4.22.1&Prime; _module_preset=\u00a0\u00bbdefault\u00a0\u00bb header_2_font_size_tablet=\u00a0\u00bb\u00a0\u00bb header_2_font_size_phone=\u00a0\u00bb27px\u00a0\u00bb header_2_font_size_last_edited=\u00a0\u00bbon|tablet\u00a0\u00bb global_colors_info=\u00a0\u00bb{}\u00a0\u00bb theme_builder_area=\u00a0\u00bbpost_content\u00a0\u00bb]<\/p>\n<h2>1. Les Rotondes<\/h2>\n<p>[\/et_pb_text][et_pb_text _builder_version=\u00a0\u00bb4.22.1&Prime; _module_preset=\u00a0\u00bbdefault\u00a0\u00bb text_font=\u00a0\u00bbBenton Sans Regular||||||||\u00a0\u00bb text_text_color=\u00a0\u00bb#000000&Prime; text_font_size=\u00a0\u00bb16px\u00a0\u00bb global_colors_info=\u00a0\u00bb{}\u00a0\u00bb theme_builder_area=\u00a0\u00bbpost_content\u00a0\u00bb]<\/p>\n<p>Embl\u00e9matique et incontournables, Les Rotondes font l&rsquo;unanimit\u00e9. Elles attirent durant toute l\u2019ann\u00e9e plusieurs milliers de personnes gr\u00e2ce \u00e0 une programmation artistique moderne et vari\u00e9e. <strong>Concerts, pi\u00e8ces de th\u00e9\u00e2tre, spectacles de danse, expositions<\/strong>, etc. Les Rotondes sont le lieu id\u00e9al pour se rencontrer en d\u00e9couvrant de nombreux artistes luxembourgeois et internationaux.<\/p>\n<p>Les Rotondes sont aussi investies dans la vie locale et l&rsquo;inclusion sociale. Elles participent grandement au \u201cbien vivre ensemble\u201d \u00e0 Bonnevoie en organisant des activit\u00e9s participatives, des ateliers et en soutenant de nombreux projets.<\/p>\n<p><a href=\"https:\/\/www.rotondes.lu\/fr\/\">Plus d\u2019infos sur Les Rotondes <\/a><\/p>\n<p>[\/et_pb_text][et_pb_image src=\u00a0\u00bbhttps:\/\/brooklyn.lu\/wp-content\/uploads\/2023\/09\/Rotonde.jpg\u00a0\u00bb alt=\u00a0\u00bbRotonde Luxembourg Brooklyn\u00a0\u00bb title_text=\u00a0\u00bbRotonde Luxembourg Brooklyn\u00a0\u00bb _builder_version=\u00a0\u00bb4.22.1&Prime; _module_preset=\u00a0\u00bbdefault\u00a0\u00bb global_colors_info=\u00a0\u00bb{}\u00a0\u00bb theme_builder_area=\u00a0\u00bbpost_content\u00a0\u00bb][\/et_pb_image][et_pb_text _builder_version=\u00a0\u00bb4.22.1&Prime; _module_preset=\u00a0\u00bbdefault\u00a0\u00bb header_2_font_size_tablet=\u00a0\u00bb\u00a0\u00bb header_2_font_size_phone=\u00a0\u00bb27px\u00a0\u00bb header_2_font_size_last_edited=\u00a0\u00bbon|tablet\u00a0\u00bb global_colors_info=\u00a0\u00bb{}\u00a0\u00bb theme_builder_area=\u00a0\u00bbpost_content\u00a0\u00bb]<\/p>\n<h2>2. La Bananafabrik<\/h2>\n<p>[\/et_pb_text][et_pb_text _builder_version=\u00a0\u00bb4.22.1&Prime; _module_preset=\u00a0\u00bbdefault\u00a0\u00bb text_font=\u00a0\u00bbBenton Sans Regular||||||||\u00a0\u00bb text_text_color=\u00a0\u00bb#000000&Prime; text_font_size=\u00a0\u00bb16px\u00a0\u00bb global_colors_info=\u00a0\u00bb{}\u00a0\u00bb theme_builder_area=\u00a0\u00bbpost_content\u00a0\u00bb]<\/p>\n<p>L\u2019ancien entrep\u00f4t de fruits de la rue du Puits a \u00e9t\u00e9 magnifiquement transform\u00e9 en <strong>un lieu unique de cr\u00e9ation et d\u2019expression culturelle<\/strong>. La bananafabrik regroupe 4 membres fondateurs actifs dans <strong>les arts de la danse et de la sc\u00e8ne<\/strong>. Les associations Mir w\u00ebllen iech ons Heemecht weisen asbl, ASPRO \/ Association Luxembourgeoise des Professionnels du Spectacle Vivant et Cultur\u2019all sont \u00e9galement install\u00e9es dans ses murs.<\/p>\n<p>Le rassemblement, en un m\u00eame lieu, de ces acteurs majeurs donne une \u00e9mulation artistique incroyable. Les \u00e9changes entre ces disciplines leur permettent de s&rsquo;enrichir mutuellement dans leurs processus cr\u00e9atifs. La bananafabrik accueille de nombreux spectateurs et \u00e9l\u00e8ves qui participent aux spectacles, workshops et ateliers de tr\u00e8s haute qualit\u00e9.<\/p>\n<p><a href=\"https:\/\/www.banannefabrik.lu\/\">Plus d\u2019infos sur la Bananafabrik <\/a><\/p>\n<p>[\/et_pb_text][et_pb_image src=\u00a0\u00bbhttps:\/\/brooklyn.lu\/wp-content\/uploads\/2023\/09\/\u00a9Andres-Lejona_DSC_5189.jpg\u00a0\u00bb alt=\u00a0\u00bbLa Bananafabrik Luxemboiurg\u00a0\u00bb title_text=\u00a0\u00bbLa Bananafabrik Luxemboiurg\u00a0\u00bb _builder_version=\u00a0\u00bb4.22.1&Prime; _module_preset=\u00a0\u00bbdefault\u00a0\u00bb global_colors_info=\u00a0\u00bb{}\u00a0\u00bb theme_builder_area=\u00a0\u00bbpost_content\u00a0\u00bb][\/et_pb_image][et_pb_text _builder_version=\u00a0\u00bb4.22.1&Prime; _module_preset=\u00a0\u00bbdefault\u00a0\u00bb header_2_font_size_tablet=\u00a0\u00bb\u00a0\u00bb header_2_font_size_phone=\u00a0\u00bb27px\u00a0\u00bb header_2_font_size_last_edited=\u00a0\u00bbon|tablet\u00a0\u00bb global_colors_info=\u00a0\u00bb{}\u00a0\u00bb theme_builder_area=\u00a0\u00bbpost_content\u00a0\u00bb]<\/p>\n<h2>3. Le centre culturel et d\u2019\u00e9ducation populaire<\/h2>\n<p>[\/et_pb_text][et_pb_text _builder_version=\u00a0\u00bb4.22.1&Prime; _module_preset=\u00a0\u00bbdefault\u00a0\u00bb text_font=\u00a0\u00bbBenton Sans Regular||||||||\u00a0\u00bb text_text_color=\u00a0\u00bb#000000&Prime; text_font_size=\u00a0\u00bb16px\u00a0\u00bb global_colors_info=\u00a0\u00bb{}\u00a0\u00bb theme_builder_area=\u00a0\u00bbpost_content\u00a0\u00bb]<\/p>\n<p>Depuis 1910 et surtout 1955, La centre culturel et d\u2019\u00e9ducation populaire poursuit vaillamment sa mission de \u201cPartager le Savoir\u201d. <strong>Sa biblioth\u00e8que publique<\/strong> en est le centre n\u00e9vralgique. Le centre culturel organise aussi des conf\u00e9rences et cours du soir (peinture, langues, etc.) ainsi que de nombreuses excursions culturelles.<\/p>\n<p><a href=\"https:\/\/www.ccep-bonnevoie.lu\/\">Plus d\u2019infos sur le CCEP Bonnevoie<\/a><\/p>\n<p>[\/et_pb_text][et_pb_text _builder_version=\u00a0\u00bb4.22.1&Prime; _module_preset=\u00a0\u00bbdefault\u00a0\u00bb header_2_font_size_tablet=\u00a0\u00bb\u00a0\u00bb header_2_font_size_phone=\u00a0\u00bb27px\u00a0\u00bb header_2_font_size_last_edited=\u00a0\u00bbon|tablet\u00a0\u00bb global_colors_info=\u00a0\u00bb{}\u00a0\u00bb theme_builder_area=\u00a0\u00bbpost_content\u00a0\u00bb]<\/p>\n<h2>4. Le TOL<\/h2>\n<p>[\/et_pb_text][et_pb_text _builder_version=\u00a0\u00bb4.22.1&Prime; _module_preset=\u00a0\u00bbdefault\u00a0\u00bb text_font=\u00a0\u00bbBenton Sans Regular||||||||\u00a0\u00bb text_text_color=\u00a0\u00bb#000000&Prime; text_font_size=\u00a0\u00bb16px\u00a0\u00bb global_colors_info=\u00a0\u00bb{}\u00a0\u00bb theme_builder_area=\u00a0\u00bbpost_content\u00a0\u00bb]<\/p>\n<p>Vous aimez le th\u00e9\u00e2tre ou souhaitez le d\u00e9couvrir en famille ? Le TOL sera votre incontournable. <strong>Le Th\u00e9\u00e2tre Ouvert Luxembourg<\/strong> est n\u00e9 il y a pr\u00e8s de 40 ans. Inaugur\u00e9e par une troupe d\u2019amateurs, la petite salle de r\u00e9p\u00e9tition d\u2019origine est devenue un th\u00e9\u00e2tre \u00e0 part enti\u00e8re. Il offre aujourd&rsquo;hui une brillante programmation \u00e9clectique qui ravira les petits comme les grands.<\/p>\n<p><a href=\"https:\/\/www.tol.lu\/\">Plus d\u2019infos sur le TOL<\/a><\/p>\n<p>[\/et_pb_text][et_pb_text _builder_version=\u00a0\u00bb4.22.1&Prime; _module_preset=\u00a0\u00bbdefault\u00a0\u00bb header_2_font_size_tablet=\u00a0\u00bb\u00a0\u00bb header_2_font_size_phone=\u00a0\u00bb27px\u00a0\u00bb header_2_font_size_last_edited=\u00a0\u00bbon|tablet\u00a0\u00bb global_colors_info=\u00a0\u00bb{}\u00a0\u00bb theme_builder_area=\u00a0\u00bbpost_content\u00a0\u00bb]<\/p>\n<h2>5. Maskenada<\/h2>\n<p>[\/et_pb_text][et_pb_text _builder_version=\u00a0\u00bb4.22.1&Prime; _module_preset=\u00a0\u00bbdefault\u00a0\u00bb text_font=\u00a0\u00bbBenton Sans Regular||||||||\u00a0\u00bb text_text_color=\u00a0\u00bb#000000&Prime; text_font_size=\u00a0\u00bb16px\u00a0\u00bb global_colors_info=\u00a0\u00bb{}\u00a0\u00bb theme_builder_area=\u00a0\u00bbpost_content\u00a0\u00bb]<\/p>\n<p>Mask\u00e9nada est <strong>un collectif d\u2019artistes du Luxembourg<\/strong> connu pour ses productions pluridisciplinaires in situ. Il r\u00e9unit des artistes ind\u00e9pendants de domaines vari\u00e9s comme le th\u00e9\u00e2tre, la musique, le cin\u00e9ma, la danse et la performance. Ensemble, ils cr\u00e9ent des spectacles originaux o\u00f9 les styles et les langues se m\u00e9langent.<\/p>\n<p><a href=\"https:\/\/www.maskenada.lu\/\">Plus d\u2019infos sur Maskenada<\/a><\/p>\n<p>[\/et_pb_text][et_pb_text _builder_version=\u00a0\u00bb4.22.1&Prime; _module_preset=\u00a0\u00bbdefault\u00a0\u00bb header_2_font_size_tablet=\u00a0\u00bb\u00a0\u00bb header_2_font_size_phone=\u00a0\u00bb27px\u00a0\u00bb header_2_font_size_last_edited=\u00a0\u00bbon|tablet\u00a0\u00bb global_colors_info=\u00a0\u00bb{}\u00a0\u00bb theme_builder_area=\u00a0\u00bbpost_content\u00a0\u00bb]<\/p>\n<h2>6. La Fanfare de Bonnevoie : 125joer Fmlb<\/h2>\n<p>[\/et_pb_text][et_pb_text _builder_version=\u00a0\u00bb4.22.1&Prime; _module_preset=\u00a0\u00bbdefault\u00a0\u00bb text_font=\u00a0\u00bbBenton Sans Regular||||||||\u00a0\u00bb text_text_color=\u00a0\u00bb#000000&Prime; text_font_size=\u00a0\u00bb16px\u00a0\u00bb global_colors_info=\u00a0\u00bb{}\u00a0\u00bb theme_builder_area=\u00a0\u00bbpost_content\u00a0\u00bb]<\/p>\n<p>La fanfare municipale de Luxembourg-Bonnevoie est une fanfare d\u2019une qualit\u00e9 orchestrale exceptionnelle. C\u2019est la seule Fanfare authentique class\u00e9e en division A (Division nationale luxembourgeoise) . Elle regroupe 65 musiciens et est active depuis 1898. Le r\u00e9pertoire de la fanfare englobe tous les genres de musique, aussi bien classiques que contemporains et traditionnels. Elle collabore pour des concerts exceptionnels avec des solistes nationaux et internationaux de renom. Ses jeunes nous enchantent \u00e9galement avec les concerts somptueux de la Fanfare Prince Henri Bonnevoie.<\/p>\n<p><a href=\"https:\/\/www.125joer.fmlb.lu\/\">Plus d\u2019infos sur La Fanfare de Bonnevoie <\/a><\/p>\n<p>[\/et_pb_text][et_pb_image src=\u00a0\u00bbhttps:\/\/brooklyn.lu\/wp-content\/uploads\/2023\/09\/\u00a9Andres-Lejona_DSC_3108.jpg\u00a0\u00bb alt=\u00a0\u00bb7 lieux culturels incontournables de Bonnevoie\u00a0\u00bb title_text=\u00a0\u00bb7 lieux culturels incontournables de Bonnevoie\u00a0\u00bb _builder_version=\u00a0\u00bb4.22.1&Prime; _module_preset=\u00a0\u00bbdefault\u00a0\u00bb hover_enabled=\u00a0\u00bb0&Prime; global_colors_info=\u00a0\u00bb{}\u00a0\u00bb theme_builder_area=\u00a0\u00bbpost_content\u00a0\u00bb locked=\u00a0\u00bboff\u00a0\u00bb sticky_enabled=\u00a0\u00bb0&Prime;][\/et_pb_image][et_pb_text _builder_version=\u00a0\u00bb4.22.1&Prime; _module_preset=\u00a0\u00bbdefault\u00a0\u00bb header_2_font_size_tablet=\u00a0\u00bb\u00a0\u00bb header_2_font_size_phone=\u00a0\u00bb27px\u00a0\u00bb header_2_font_size_last_edited=\u00a0\u00bbon|tablet\u00a0\u00bb global_colors_info=\u00a0\u00bb{}\u00a0\u00bb theme_builder_area=\u00a0\u00bbpost_content\u00a0\u00bb]<\/p>\n<h2>7. Aspro<\/h2>\n<p>[\/et_pb_text][et_pb_text _builder_version=\u00a0\u00bb4.22.1&Prime; _module_preset=\u00a0\u00bbdefault\u00a0\u00bb text_font=\u00a0\u00bbBenton Sans Regular||||||||\u00a0\u00bb text_text_color=\u00a0\u00bb#000000&Prime; text_font_size=\u00a0\u00bb16px\u00a0\u00bb global_colors_info=\u00a0\u00bb{}\u00a0\u00bb theme_builder_area=\u00a0\u00bbpost_content\u00a0\u00bb]<\/p>\n<p>L\u2019Association luxembourgeoise des Professionnels du Spectacle Vivant (ASPRO) r\u00e9unit les ind\u00e9pendants exer\u00e7ant dans les diff\u00e9rents m\u00e9tiers du spectacle. Elle stimule la culture en aidant les professionnels et artistes \u00e0 se r\u00e9unir. Elle leur offre une structure forte qui facilite leurs conditions de travail.<\/p>\n<p><a href=\"https:\/\/www.aspro.lu\/\">En savoir plus sur l\u2019Aspro<\/a><\/p>\n<p>[\/et_pb_text][et_pb_text _builder_version=\u00a0\u00bb4.22.1&Prime; _module_preset=\u00a0\u00bbdefault\u00a0\u00bb header_2_font_size_tablet=\u00a0\u00bb\u00a0\u00bb header_2_font_size_phone=\u00a0\u00bb27px\u00a0\u00bb header_2_font_size_last_edited=\u00a0\u00bbon|tablet\u00a0\u00bb global_colors_info=\u00a0\u00bb{}\u00a0\u00bb theme_builder_area=\u00a0\u00bbpost_content\u00a0\u00bb]<\/p>\n<h2>La culture pour tous \u00e0 Bonnevoie<\/h2>\n<p>[\/et_pb_text][et_pb_text _builder_version=\u00a0\u00bb4.22.1&Prime; _module_preset=\u00a0\u00bbdefault\u00a0\u00bb text_font=\u00a0\u00bbBenton Sans Regular||||||||\u00a0\u00bb text_text_color=\u00a0\u00bb#000000&Prime; text_font_size=\u00a0\u00bb16px\u00a0\u00bb global_colors_info=\u00a0\u00bb{}\u00a0\u00bb theme_builder_area=\u00a0\u00bbpost_content\u00a0\u00bb]<\/p>\n<p>Au Luxembourg, la culture est un droit pour tous. C\u2019est pourquoi le <a href=\"https:\/\/www.kulturpass.lu\/fr\/\">Kulturpass<\/a> a \u00e9t\u00e9 mis sur pied. Il permet de profiter d\u2019un grand nombre d\u2019\u00e9v\u00e9nements culturels au prix de 1,5\u20ac. Une raison de plus de nous rendre \u00e0 Bonnevoie ! Un quartier attachant o\u00f9 la culture est riche, multiculturelle et vari\u00e9e.<\/p>\n<p>Les futurs habitants du <a href=\"http:\/\/brooklyn.lu\/\">nouveau quartier Brooklyn<\/a> y trouveront des lieux de rencontre, des \u00e9v\u00e9nements et des spectacles tout au long de l\u2019ann\u00e9e. Autant d&rsquo;occasions pour se divertir quel que soit son \u00e2ge et son style.<\/p>\n<p>[\/et_pb_text][\/et_pb_column][\/et_pb_row][\/et_pb_section]<\/p>\n","protected":false},"excerpt":{"rendered":"<p>Quand on pense \u00e0 Bonnevoie, on ne pense pas forc\u00e9ment d\u2019embl\u00e9e \u00e0 la culture. Pourtant, Bonnevoie regorge de lieux culturels \u00f4 combien dynamiques. Ceux-ci proposent de nombreux \u00e9v\u00e9nements toute l\u2019ann\u00e9e. Une programmation riche et vari\u00e9e qui ravira les futurs habitants du nouveau quartier Brooklyn. Profitons de l\u2019\u00e9t\u00e9 pour les d\u00e9couvrir en famille ou entre amis !1. Les RotondesEmbl\u00e9matique et incontournables, Les Rotondes font l&rsquo;unanimit\u00e9. Elles attirent durant toute l\u2019ann\u00e9e plusieurs milliers de personnes gr\u00e2ce \u00e0 une programmation artistique moderne et vari\u00e9e. Concerts, pi\u00e8ces de th\u00e9\u00e2tre, spectacles de danse, expositions, etc. Les Rotondes sont le lieu id\u00e9al pour se rencontrer en d\u00e9couvrant de nombreux artistes luxembourgeois et internationaux. Les Rotondes sont aussi investies dans la vie locale et l&rsquo;inclusion sociale. Elles participent grandement au \u201cbien vivre ensemble\u201d \u00e0 Bonnevoie en organisant des activit\u00e9s participatives, des ateliers et en soutenant de nombreux projets. Plus d\u2019infos sur Les Rotondes 2. La BananafabrikL\u2019ancien entrep\u00f4t de fruits de la rue du Puits a \u00e9t\u00e9 magnifiquement transform\u00e9 en un lieu unique de cr\u00e9ation et d\u2019expression culturelle. La bananafabrik regroupe 4 membres fondateurs actifs dans les arts de la danse et de la sc\u00e8ne. Les associations Mir w\u00ebllen iech ons Heemecht weisen asbl, ASPRO \/ Association Luxembourgeoise [&hellip;]<\/p>\n","protected":false},"author":1,"featured_media":7790,"comment_status":"closed","ping_status":"open","sticky":false,"template":"","format":"standard","meta":{"_acf_changed":false,"_et_pb_use_builder":"on","_et_pb_old_content":"","_et_gb_content_width":"","footnotes":""},"categories":[32],"tags":[],"class_list":["post-7772","post","type-post","status-publish","format-standard","has-post-thumbnail","hentry","category-eaglestone-et-lart"],"acf":[],"yoast_head":"<!-- This site is optimized with the Yoast SEO plugin v27.5 - https:\/\/yoast.com\/product\/yoast-seo-wordpress\/ -->\n<title>7 lieux culturels incontournables de Bonnevoie - Projet Brooklyn<\/title>\n<meta name=\"robots\" content=\"index, follow, max-snippet:-1, max-image-preview:large, max-video-preview:-1\" \/>\n<link rel=\"canonical\" href=\"https:\/\/brooklyn.lu\/en\/7-cultural-highlights-in-bonnevoie\/\" \/>\n<meta property=\"og:locale\" content=\"en_US\" \/>\n<meta property=\"og:type\" content=\"article\" \/>\n<meta property=\"og:title\" content=\"7 lieux culturels incontournables de Bonnevoie - Projet Brooklyn\" \/>\n<meta property=\"og:description\" content=\"Quand on pense \u00e0 Bonnevoie, on ne pense pas forc\u00e9ment d\u2019embl\u00e9e \u00e0 la culture. Pourtant, Bonnevoie regorge de lieux culturels \u00f4 combien dynamiques. Ceux-ci proposent de nombreux \u00e9v\u00e9nements toute l\u2019ann\u00e9e. Une programmation riche et vari\u00e9e qui ravira les futurs habitants du nouveau quartier Brooklyn. Profitons de l\u2019\u00e9t\u00e9 pour les d\u00e9couvrir en famille ou entre amis !1. Les RotondesEmbl\u00e9matique et incontournables, Les Rotondes font l&#039;unanimit\u00e9. Elles attirent durant toute l\u2019ann\u00e9e plusieurs milliers de personnes gr\u00e2ce \u00e0 une programmation artistique moderne et vari\u00e9e. Concerts, pi\u00e8ces de th\u00e9\u00e2tre, spectacles de danse, expositions, etc. Les Rotondes sont le lieu id\u00e9al pour se rencontrer en d\u00e9couvrant de nombreux artistes luxembourgeois et internationaux. Les Rotondes sont aussi investies dans la vie locale et l&#039;inclusion sociale. Elles participent grandement au \u201cbien vivre ensemble\u201d \u00e0 Bonnevoie en organisant des activit\u00e9s participatives, des ateliers et en soutenant de nombreux projets. Plus d\u2019infos sur Les Rotondes 2. La BananafabrikL\u2019ancien entrep\u00f4t de fruits de la rue du Puits a \u00e9t\u00e9 magnifiquement transform\u00e9 en un lieu unique de cr\u00e9ation et d\u2019expression culturelle. La bananafabrik regroupe 4 membres fondateurs actifs dans les arts de la danse et de la sc\u00e8ne. Les associations Mir w\u00ebllen iech ons Heemecht weisen asbl, ASPRO \/ Association Luxembourgeoise [&hellip;]\" \/>\n<meta property=\"og:url\" content=\"https:\/\/brooklyn.lu\/en\/7-cultural-highlights-in-bonnevoie\/\" \/>\n<meta property=\"og:site_name\" content=\"Projet Brooklyn\" \/>\n<meta property=\"article:published_time\" content=\"2023-09-06T14:50:18+00:00\" \/>\n<meta property=\"article:modified_time\" content=\"2024-06-13T13:10:26+00:00\" \/>\n<meta property=\"og:image\" content=\"https:\/\/brooklyn.lu\/wp-content\/uploads\/2023\/09\/\u00a9Andres-Lejona_DSC_3108.jpg\" \/>\n\t<meta property=\"og:image:width\" content=\"1620\" \/>\n\t<meta property=\"og:image:height\" content=\"1080\" \/>\n\t<meta property=\"og:image:type\" content=\"image\/jpeg\" \/>\n<meta name=\"author\" content=\"projetbrooklyn\" \/>\n<meta name=\"twitter:card\" content=\"summary_large_image\" \/>\n<script type=\"application\/ld+json\" class=\"yoast-schema-graph\">{\"@context\":\"https:\\\/\\\/schema.org\",\"@graph\":[{\"@type\":\"Article\",\"@id\":\"https:\\\/\\\/brooklyn.lu\\\/7-lieux-culturels-incontournables-de-bonnevoie\\\/#article\",\"isPartOf\":{\"@id\":\"https:\\\/\\\/brooklyn.lu\\\/7-lieux-culturels-incontournables-de-bonnevoie\\\/\"},\"author\":{\"name\":\"projetbrooklyn\",\"@id\":\"https:\\\/\\\/brooklyn.lu\\\/#\\\/schema\\\/person\\\/a26945f18c5bbf445544055c132edcc1\"},\"headline\":\"7 lieux culturels incontournables de Bonnevoie\",\"datePublished\":\"2023-09-06T14:50:18+00:00\",\"dateModified\":\"2024-06-13T13:10:26+00:00\",\"mainEntityOfPage\":{\"@id\":\"https:\\\/\\\/brooklyn.lu\\\/7-lieux-culturels-incontournables-de-bonnevoie\\\/\"},\"wordCount\":1507,\"publisher\":{\"@id\":\"https:\\\/\\\/brooklyn.lu\\\/#organization\"},\"image\":{\"@id\":\"https:\\\/\\\/brooklyn.lu\\\/7-lieux-culturels-incontournables-de-bonnevoie\\\/#primaryimage\"},\"thumbnailUrl\":\"https:\\\/\\\/brooklyn.lu\\\/wp-content\\\/uploads\\\/2023\\\/09\\\/\u00a9Andres-Lejona_DSC_3108.jpg\",\"articleSection\":[\"Eaglestone et l\u2019art\"],\"inLanguage\":\"en-US\"},{\"@type\":\"WebPage\",\"@id\":\"https:\\\/\\\/brooklyn.lu\\\/7-lieux-culturels-incontournables-de-bonnevoie\\\/\",\"url\":\"https:\\\/\\\/brooklyn.lu\\\/7-lieux-culturels-incontournables-de-bonnevoie\\\/\",\"name\":\"7 lieux culturels incontournables de Bonnevoie - Projet Brooklyn\",\"isPartOf\":{\"@id\":\"https:\\\/\\\/brooklyn.lu\\\/#website\"},\"primaryImageOfPage\":{\"@id\":\"https:\\\/\\\/brooklyn.lu\\\/7-lieux-culturels-incontournables-de-bonnevoie\\\/#primaryimage\"},\"image\":{\"@id\":\"https:\\\/\\\/brooklyn.lu\\\/7-lieux-culturels-incontournables-de-bonnevoie\\\/#primaryimage\"},\"thumbnailUrl\":\"https:\\\/\\\/brooklyn.lu\\\/wp-content\\\/uploads\\\/2023\\\/09\\\/\u00a9Andres-Lejona_DSC_3108.jpg\",\"datePublished\":\"2023-09-06T14:50:18+00:00\",\"dateModified\":\"2024-06-13T13:10:26+00:00\",\"breadcrumb\":{\"@id\":\"https:\\\/\\\/brooklyn.lu\\\/7-lieux-culturels-incontournables-de-bonnevoie\\\/#breadcrumb\"},\"inLanguage\":\"en-US\",\"potentialAction\":[{\"@type\":\"ReadAction\",\"target\":[\"https:\\\/\\\/brooklyn.lu\\\/7-lieux-culturels-incontournables-de-bonnevoie\\\/\"]}]},{\"@type\":\"ImageObject\",\"inLanguage\":\"en-US\",\"@id\":\"https:\\\/\\\/brooklyn.lu\\\/7-lieux-culturels-incontournables-de-bonnevoie\\\/#primaryimage\",\"url\":\"https:\\\/\\\/brooklyn.lu\\\/wp-content\\\/uploads\\\/2023\\\/09\\\/\u00a9Andres-Lejona_DSC_3108.jpg\",\"contentUrl\":\"https:\\\/\\\/brooklyn.lu\\\/wp-content\\\/uploads\\\/2023\\\/09\\\/\u00a9Andres-Lejona_DSC_3108.jpg\",\"width\":1620,\"height\":1080,\"caption\":\"7 lieux culturels incontournables de Bonnevoie\"},{\"@type\":\"BreadcrumbList\",\"@id\":\"https:\\\/\\\/brooklyn.lu\\\/7-lieux-culturels-incontournables-de-bonnevoie\\\/#breadcrumb\",\"itemListElement\":[{\"@type\":\"ListItem\",\"position\":1,\"name\":\"Accueil\",\"item\":\"https:\\\/\\\/brooklyn.lu\\\/\"},{\"@type\":\"ListItem\",\"position\":2,\"name\":\"7 lieux culturels incontournables de Bonnevoie\"}]},{\"@type\":\"WebSite\",\"@id\":\"https:\\\/\\\/brooklyn.lu\\\/#website\",\"url\":\"https:\\\/\\\/brooklyn.lu\\\/\",\"name\":\"Projet Brooklyn\",\"description\":\"\",\"publisher\":{\"@id\":\"https:\\\/\\\/brooklyn.lu\\\/#organization\"},\"potentialAction\":[{\"@type\":\"SearchAction\",\"target\":{\"@type\":\"EntryPoint\",\"urlTemplate\":\"https:\\\/\\\/brooklyn.lu\\\/?s={search_term_string}\"},\"query-input\":{\"@type\":\"PropertyValueSpecification\",\"valueRequired\":true,\"valueName\":\"search_term_string\"}}],\"inLanguage\":\"en-US\"},{\"@type\":\"Organization\",\"@id\":\"https:\\\/\\\/brooklyn.lu\\\/#organization\",\"name\":\"Brooklyn\",\"url\":\"https:\\\/\\\/brooklyn.lu\\\/\",\"logo\":{\"@type\":\"ImageObject\",\"inLanguage\":\"en-US\",\"@id\":\"https:\\\/\\\/brooklyn.lu\\\/#\\\/schema\\\/logo\\\/image\\\/\",\"url\":\"https:\\\/\\\/brooklyn.lu\\\/wp-content\\\/uploads\\\/2022\\\/10\\\/Plan-de-travail-1-copie-2.png\",\"contentUrl\":\"https:\\\/\\\/brooklyn.lu\\\/wp-content\\\/uploads\\\/2022\\\/10\\\/Plan-de-travail-1-copie-2.png\",\"width\":1663,\"height\":285,\"caption\":\"Brooklyn\"},\"image\":{\"@id\":\"https:\\\/\\\/brooklyn.lu\\\/#\\\/schema\\\/logo\\\/image\\\/\"}},{\"@type\":\"Person\",\"@id\":\"https:\\\/\\\/brooklyn.lu\\\/#\\\/schema\\\/person\\\/a26945f18c5bbf445544055c132edcc1\",\"name\":\"projetbrooklyn\",\"image\":{\"@type\":\"ImageObject\",\"inLanguage\":\"en-US\",\"@id\":\"https:\\\/\\\/secure.gravatar.com\\\/avatar\\\/f132ba1b1a5a3d6f3cb6529cef071eedff6082ffed6f37fb7fbbf8dde5dedb6e?s=96&d=mm&r=g\",\"url\":\"https:\\\/\\\/secure.gravatar.com\\\/avatar\\\/f132ba1b1a5a3d6f3cb6529cef071eedff6082ffed6f37fb7fbbf8dde5dedb6e?s=96&d=mm&r=g\",\"contentUrl\":\"https:\\\/\\\/secure.gravatar.com\\\/avatar\\\/f132ba1b1a5a3d6f3cb6529cef071eedff6082ffed6f37fb7fbbf8dde5dedb6e?s=96&d=mm&r=g\",\"caption\":\"projetbrooklyn\"},\"sameAs\":[\"https:\\\/\\\/brooklyn.lu\"]}]}<\/script>\n<!-- \/ Yoast SEO plugin. -->","yoast_head_json":{"title":"7 cultural highlights in Bonnevoie - Projet Brooklyn","robots":{"index":"index","follow":"follow","max-snippet":"max-snippet:-1","max-image-preview":"max-image-preview:large","max-video-preview":"max-video-preview:-1"},"canonical":"https:\/\/brooklyn.lu\/en\/7-cultural-highlights-in-bonnevoie\/","og_locale":"en_US","og_type":"article","og_title":"7 lieux culturels incontournables de Bonnevoie - Projet Brooklyn","og_description":"Quand on pense \u00e0 Bonnevoie, on ne pense pas forc\u00e9ment d\u2019embl\u00e9e \u00e0 la culture. Pourtant, Bonnevoie regorge de lieux culturels \u00f4 combien dynamiques. Ceux-ci proposent de nombreux \u00e9v\u00e9nements toute l\u2019ann\u00e9e. Une programmation riche et vari\u00e9e qui ravira les futurs habitants du nouveau quartier Brooklyn. Profitons de l\u2019\u00e9t\u00e9 pour les d\u00e9couvrir en famille ou entre amis !1. Les RotondesEmbl\u00e9matique et incontournables, Les Rotondes font l'unanimit\u00e9. Elles attirent durant toute l\u2019ann\u00e9e plusieurs milliers de personnes gr\u00e2ce \u00e0 une programmation artistique moderne et vari\u00e9e. Concerts, pi\u00e8ces de th\u00e9\u00e2tre, spectacles de danse, expositions, etc. Les Rotondes sont le lieu id\u00e9al pour se rencontrer en d\u00e9couvrant de nombreux artistes luxembourgeois et internationaux. Les Rotondes sont aussi investies dans la vie locale et l'inclusion sociale. Elles participent grandement au \u201cbien vivre ensemble\u201d \u00e0 Bonnevoie en organisant des activit\u00e9s participatives, des ateliers et en soutenant de nombreux projets. Plus d\u2019infos sur Les Rotondes 2. La BananafabrikL\u2019ancien entrep\u00f4t de fruits de la rue du Puits a \u00e9t\u00e9 magnifiquement transform\u00e9 en un lieu unique de cr\u00e9ation et d\u2019expression culturelle. La bananafabrik regroupe 4 membres fondateurs actifs dans les arts de la danse et de la sc\u00e8ne. Les associations Mir w\u00ebllen iech ons Heemecht weisen asbl, ASPRO \/ Association Luxembourgeoise [&hellip;]","og_url":"https:\/\/brooklyn.lu\/en\/7-cultural-highlights-in-bonnevoie\/","og_site_name":"Projet Brooklyn","article_published_time":"2023-09-06T14:50:18+00:00","article_modified_time":"2024-06-13T13:10:26+00:00","og_image":[{"width":1620,"height":1080,"url":"https:\/\/brooklyn.lu\/wp-content\/uploads\/2023\/09\/\u00a9Andres-Lejona_DSC_3108.jpg","type":"image\/jpeg"}],"author":"projetbrooklyn","twitter_card":"summary_large_image","schema":{"@context":"https:\/\/schema.org","@graph":[{"@type":"Article","@id":"https:\/\/brooklyn.lu\/7-lieux-culturels-incontournables-de-bonnevoie\/#article","isPartOf":{"@id":"https:\/\/brooklyn.lu\/7-lieux-culturels-incontournables-de-bonnevoie\/"},"author":{"name":"projetbrooklyn","@id":"https:\/\/brooklyn.lu\/#\/schema\/person\/a26945f18c5bbf445544055c132edcc1"},"headline":"7 lieux culturels incontournables de Bonnevoie","datePublished":"2023-09-06T14:50:18+00:00","dateModified":"2024-06-13T13:10:26+00:00","mainEntityOfPage":{"@id":"https:\/\/brooklyn.lu\/7-lieux-culturels-incontournables-de-bonnevoie\/"},"wordCount":1507,"publisher":{"@id":"https:\/\/brooklyn.lu\/#organization"},"image":{"@id":"https:\/\/brooklyn.lu\/7-lieux-culturels-incontournables-de-bonnevoie\/#primaryimage"},"thumbnailUrl":"https:\/\/brooklyn.lu\/wp-content\/uploads\/2023\/09\/\u00a9Andres-Lejona_DSC_3108.jpg","articleSection":["Eaglestone et l\u2019art"],"inLanguage":"en-US"},{"@type":"WebPage","@id":"https:\/\/brooklyn.lu\/7-lieux-culturels-incontournables-de-bonnevoie\/","url":"https:\/\/brooklyn.lu\/7-lieux-culturels-incontournables-de-bonnevoie\/","name":"7 cultural highlights in Bonnevoie - Projet Brooklyn","isPartOf":{"@id":"https:\/\/brooklyn.lu\/#website"},"primaryImageOfPage":{"@id":"https:\/\/brooklyn.lu\/7-lieux-culturels-incontournables-de-bonnevoie\/#primaryimage"},"image":{"@id":"https:\/\/brooklyn.lu\/7-lieux-culturels-incontournables-de-bonnevoie\/#primaryimage"},"thumbnailUrl":"https:\/\/brooklyn.lu\/wp-content\/uploads\/2023\/09\/\u00a9Andres-Lejona_DSC_3108.jpg","datePublished":"2023-09-06T14:50:18+00:00","dateModified":"2024-06-13T13:10:26+00:00","breadcrumb":{"@id":"https:\/\/brooklyn.lu\/7-lieux-culturels-incontournables-de-bonnevoie\/#breadcrumb"},"inLanguage":"en-US","potentialAction":[{"@type":"ReadAction","target":["https:\/\/brooklyn.lu\/7-lieux-culturels-incontournables-de-bonnevoie\/"]}]},{"@type":"ImageObject","inLanguage":"en-US","@id":"https:\/\/brooklyn.lu\/7-lieux-culturels-incontournables-de-bonnevoie\/#primaryimage","url":"https:\/\/brooklyn.lu\/wp-content\/uploads\/2023\/09\/\u00a9Andres-Lejona_DSC_3108.jpg","contentUrl":"https:\/\/brooklyn.lu\/wp-content\/uploads\/2023\/09\/\u00a9Andres-Lejona_DSC_3108.jpg","width":1620,"height":1080,"caption":"7 lieux culturels incontournables de Bonnevoie"},{"@type":"BreadcrumbList","@id":"https:\/\/brooklyn.lu\/7-lieux-culturels-incontournables-de-bonnevoie\/#breadcrumb","itemListElement":[{"@type":"ListItem","position":1,"name":"Accueil","item":"https:\/\/brooklyn.lu\/"},{"@type":"ListItem","position":2,"name":"7 lieux culturels incontournables de Bonnevoie"}]},{"@type":"WebSite","@id":"https:\/\/brooklyn.lu\/#website","url":"https:\/\/brooklyn.lu\/","name":"Brooklyn Project","description":"","publisher":{"@id":"https:\/\/brooklyn.lu\/#organization"},"potentialAction":[{"@type":"SearchAction","target":{"@type":"EntryPoint","urlTemplate":"https:\/\/brooklyn.lu\/?s={search_term_string}"},"query-input":{"@type":"PropertyValueSpecification","valueRequired":true,"valueName":"search_term_string"}}],"inLanguage":"en-US"},{"@type":"Organization","@id":"https:\/\/brooklyn.lu\/#organization","name":"Brooklyn","url":"https:\/\/brooklyn.lu\/","logo":{"@type":"ImageObject","inLanguage":"en-US","@id":"https:\/\/brooklyn.lu\/#\/schema\/logo\/image\/","url":"https:\/\/brooklyn.lu\/wp-content\/uploads\/2022\/10\/Plan-de-travail-1-copie-2.png","contentUrl":"https:\/\/brooklyn.lu\/wp-content\/uploads\/2022\/10\/Plan-de-travail-1-copie-2.png","width":1663,"height":285,"caption":"Brooklyn"},"image":{"@id":"https:\/\/brooklyn.lu\/#\/schema\/logo\/image\/"}},{"@type":"Person","@id":"https:\/\/brooklyn.lu\/#\/schema\/person\/a26945f18c5bbf445544055c132edcc1","name":"projectbrooklyn","image":{"@type":"ImageObject","inLanguage":"en-US","@id":"https:\/\/secure.gravatar.com\/avatar\/f132ba1b1a5a3d6f3cb6529cef071eedff6082ffed6f37fb7fbbf8dde5dedb6e?s=96&d=mm&r=g","url":"https:\/\/secure.gravatar.com\/avatar\/f132ba1b1a5a3d6f3cb6529cef071eedff6082ffed6f37fb7fbbf8dde5dedb6e?s=96&d=mm&r=g","contentUrl":"https:\/\/secure.gravatar.com\/avatar\/f132ba1b1a5a3d6f3cb6529cef071eedff6082ffed6f37fb7fbbf8dde5dedb6e?s=96&d=mm&r=g","caption":"projetbrooklyn"},"sameAs":["https:\/\/brooklyn.lu"]}]}},"_links":{"self":[{"href":"https:\/\/brooklyn.lu\/en\/wp-json\/wp\/v2\/posts\/7772","targetHints":{"allow":["GET"]}}],"collection":[{"href":"https:\/\/brooklyn.lu\/en\/wp-json\/wp\/v2\/posts"}],"about":[{"href":"https:\/\/brooklyn.lu\/en\/wp-json\/wp\/v2\/types\/post"}],"author":[{"embeddable":true,"href":"https:\/\/brooklyn.lu\/en\/wp-json\/wp\/v2\/users\/1"}],"replies":[{"embeddable":true,"href":"https:\/\/brooklyn.lu\/en\/wp-json\/wp\/v2\/comments?post=7772"}],"version-history":[{"count":13,"href":"https:\/\/brooklyn.lu\/en\/wp-json\/wp\/v2\/posts\/7772\/revisions"}],"predecessor-version":[{"id":8134,"href":"https:\/\/brooklyn.lu\/en\/wp-json\/wp\/v2\/posts\/7772\/revisions\/8134"}],"wp:featuredmedia":[{"embeddable":true,"href":"https:\/\/brooklyn.lu\/en\/wp-json\/wp\/v2\/media\/7790"}],"wp:attachment":[{"href":"https:\/\/brooklyn.lu\/en\/wp-json\/wp\/v2\/media?parent=7772"}],"wp:term":[{"taxonomy":"category","embeddable":true,"href":"https:\/\/brooklyn.lu\/en\/wp-json\/wp\/v2\/categories?post=7772"},{"taxonomy":"post_tag","embeddable":true,"href":"https:\/\/brooklyn.lu\/en\/wp-json\/wp\/v2\/tags?post=7772"}],"curies":[{"name":"wp","href":"https:\/\/api.w.org\/{rel}","templated":true}]}}